{"id":3089,"date":"2025-03-04T22:33:34","date_gmt":"2025-03-04T22:33:34","guid":{"rendered":"https:\/\/test.invoqoven.com\/uncategorized-da\/carecycle\/"},"modified":"2025-03-12T09:39:12","modified_gmt":"2025-03-12T09:39:12","slug":"carecycle","status":"publish","type":"post","link":"https:\/\/invoqoven.com\/da\/features\/carecycle\/","title":{"rendered":"CareCycle"},"content":{"rendered":"<div class=\"style no_bg\">\n<section class=\"mtt-case-cover\">\n    <div class=\"mtt-case-cover__inner page_container\">\n\n        <div class=\"mtt-case-cover__text-container\">\n            <div class=\"mtt-case-cover__text-container-inner\">\n\n                                    <p class=\"mtt-case-cover__tagline mtt-tagline\">Milj\u00f8venlig reng\u00f8ring <\/p>\n                \n                                    <h1 class=\"mtt-case-cover__title\">CareCycle<\/h1>\n                \n                                    <div class=\"mtt-case-cover__text\"><p>Med CareCycle introducerer vi et omkostningseffektivt, tabsbaseret<br \/>\nreng\u00f8ringssystem med v\u00e6sentligt mindre energi- og vandforbrug.<\/p>\n<\/div>\n                \n                \n                                    <div class=\"mtt-case-cover__scroll-down\">\n                        <div class=\"mtt-case-cover__arrows\">\n                            <span class=\"mtt-case-cover__arrow-down\"><\/span>\n                            <span class=\"mtt-case-cover__arrow-down\"><\/span>\n                            <span class=\"mtt-case-cover__arrow-down\"><\/span>\n                        <\/div>\n                        <p>Scroll down<\/p>\n                    <\/div>\n                \n            <\/div>\n        <\/div>\n\n        <div class=\"mtt-case-cover__image-container background_element\">\n\n            \n                <div class=\"mtt-case-cover__image\">\n                    <img decoding=\"async\" src=\"https:\/\/invoqoven.com\/wp-content\/uploads\/sites\/2\/2025\/03\/HOUNO_AMBIENTE_014-300x201.jpg\" data-full=\"https:\/\/invoqoven.com\/wp-content\/uploads\/sites\/2\/2025\/03\/HOUNO_AMBIENTE_014-1100x736.jpg\" alt=\"HOUN\u00d6_AMBIENTE_014\" lazy-load>\n                <\/div>\n\n            \n        <\/div>\n\n    <\/div>\n\n<\/section><\/div>\n\n\n<div class=\"wp-block-group\"><div class=\"wp-block-group__inner-container is-layout-constrained wp-block-group-is-layout-constrained\">\n<div style=\"height:100px\" aria-hidden=\"true\" class=\"wp-block-spacer\"><\/div>\n\n\n<div class=\"wp-text-block page_container styled-text\"><div class=\"wp-text-block__inner\">\n<p class=\"has-text-align-center has-large-font-size\">Med en Medium-vask sparer du 2.912 liter vand pr. ovn om \u00e5ret.<\/p>\n<\/div><\/div>\n\n<div class=\"wp-text-block page_container styled-text\"><div class=\"wp-text-block__inner\">\n<p class=\"has-text-align-center has-large-font-size\"> Det svarer til 11.648 glas vand.<\/p>\n<\/div><\/div>\n\n\n<div style=\"height:100px\" aria-hidden=\"true\" class=\"wp-block-spacer\"><\/div>\n<\/div><\/div>\n\n\n<section class=\"mtt-text-sections style background_element is-style-light_blue\">\n  <div class=\"mtt-text-sections__inner page_container \">\n          <p class=\"mtt-text-sections__tagline mtt-tagline\">Sparkling ovens for optimal performance<\/p>\n              <h2 class=\"mtt-text-sections__title\">Ovnen fort\u00e6ller dig, hvor meget reng\u00f8ring den beh\u00f8ver<\/h2>\n        <div class=\"mtt-text-sections__wrap\">\n      <div class=\"mtt-text-sections__text-container\">Invoq-kombiovnen hj\u00e6lper dig med at komme den n\u00f8dvendige m\u00e6ngde reng\u00f8ringstabs i til den \u00f8nskede vask. Dette sikrer, at forholdet mellem vaskemiddel og vand altid er korrekt, og at du undg\u00e5r overforbrug<br><br>De fosfatfrie reng\u00f8ringstabs er et milj\u00f8venligt valg, der hj\u00e6lper dig med at opfylde dine gr\u00f8nne virksomhedsm\u00e5l. CareCycle-reng\u00f8ringstabs opfylder alle kravene til nem h\u00e5ndtering og transpor<br><br><\/div>\n      <div class=\"mtt-text-sections__text-container\">Alle Invoq Hybrid-modellerne har et dampenhedsafkalkningssystem. Dette fjerner kalkaflejringer fra h\u00e5rdt vand og sikrer optimal ydeevne. CareCycleafkalkningstabs fjerner kalk, mens ovnen k\u00f8rer sit reng\u00f8ringsprogram. Du beh\u00f8ver ikke g\u00f8re mere.<br><br>Som med CareCycle-reng\u00f8ringstabsene anbefaler ovnen den m\u00e6ngde afkalkningstabs, der passer til dit behov.<\/div>\n    <\/div>\n  <\/div>\n<\/section>\n\n\n<div class=\"wp-block-cover has-parallax\" style=\"min-height:676px;aspect-ratio:unset;\"><span aria-hidden=\"true\" class=\"wp-block-cover__background has-background-dim-0 has-background-dim\"><\/span><div class=\"wp-block-cover__image-background wp-image-1317 has-parallax\" style=\"background-position:50% 50%;background-image:url(https:\/\/test.invoqoven.com\/wp-content\/uploads\/sites\/2\/2025\/03\/HOUNO_INVOQ_MOMENT_OKT_2022_46.jpg)\"><\/div><div class=\"wp-block-cover__inner-container is-layout-constrained wp-block-cover-is-layout-constrained\"><div class=\"wp-text-block page_container styled-text\"><div class=\"wp-text-block__inner\">\n<p class=\"has-text-align-center has-large-font-size\"><\/p>\n<\/div><\/div><\/div><\/div>\n\n\n\n<div class=\"wp-block-group\"><div class=\"wp-block-group__inner-container is-layout-constrained wp-block-group-is-layout-constrained\">\n<div style=\"height:80px\" aria-hidden=\"true\" class=\"wp-block-spacer\"><\/div>\n\n\n\n<div class=\"wp-block-columns is-layout-flex wp-container-core-columns-is-layout-9d6595d7 wp-block-columns-is-layout-flex\">\n<div class=\"wp-block-column is-layout-flow wp-block-column-is-layout-flow\" style=\"flex-basis:60%\"><div class=\"wp-text-block page_container styled-text\"><div class=\"wp-text-block__inner\">\n<h3 class=\"wp-block-heading\" id=\"h-carecycle-rengoringsprogram-der-passer-til-dine-arbejdsgange\">CareCycle: reng\u00f8ringsprogram, der passer til dine arbejdsgange<\/h3>\n<\/div><\/div>\n\n<div class=\"wp-text-block page_container styled-text\"><div class=\"wp-text-block__inner\">\n<p>Du kan v\u00e6lge mellem syv forskellige vaske fra let til Intens, Turbo eller Eco. Ovnen hj\u00e6lper dig gennem processen og foresl\u00e5r det optimale reng\u00f8ringsprogram.<\/p>\n<\/div><\/div>\n\n<div class=\"wp-text-block page_container styled-text\"><div class=\"wp-text-block__inner\">\n<h4 class=\"wp-block-heading\" id=\"h-har-du-tid-vaelg-eco\">Har du tid? V\u00e6lg Eco<\/h4>\n<\/div><\/div>\n\n<div class=\"wp-text-block page_container styled-text\"><div class=\"wp-text-block__inner\">\n<p>Det er b\u00e5de praktisk og \u00f8konomisk at planl\u00e6gge reng\u00f8ring om natten. N\u00e5r du v\u00e6lger indstillingen Eco, forl\u00e6nges reng\u00f8ringstiden, og der bruges mindre vand, energi og kemikalier.<\/p>\n<\/div><\/div><\/div>\n\n\n\n<div class=\"wp-block-column is-vertically-aligned-center is-layout-flow wp-block-column-is-layout-flow\" style=\"flex-basis:40%\">\n<figure class=\"wp-block-embed aligncenter is-type-video is-provider-youtube wp-block-embed-youtube wp-embed-aspect-16-9 wp-has-aspect-ratio\"><div class=\"wp-block-embed__wrapper\">\n<iframe loading=\"lazy\" title=\"CareCycle - maintenance made simple and eco-friendly\" width=\"500\" height=\"281\" src=\"https:\/\/www.youtube.com\/embed\/V_geSpGfCdk?feature=oembed\" frameborder=\"0\" allow=\"accelerometer; autoplay; clipboard-write; encrypted-media; gyroscope; picture-in-picture; web-share\" referrerpolicy=\"strict-origin-when-cross-origin\" allowfullscreen><\/iframe>\n<\/div><\/figure>\n<\/div>\n<\/div>\n<\/div><\/div>\n\n\n\n<div class=\"wp-block-group\"><div class=\"wp-block-group__inner-container is-layout-constrained wp-block-group-is-layout-constrained\">\n<div style=\"height:100px\" aria-hidden=\"true\" class=\"wp-block-spacer\"><\/div>\n\n\n<div class=\"wp-text-block page_container styled-text\"><div class=\"wp-text-block__inner\">\n<p class=\"has-text-align-center has-large-font-size\">Recirkulationsreng\u00f8ringssystem \u2013 bedre for b\u00e5de sikkerheden og milj\u00f8et.<\/p>\n<\/div><\/div>\n\n\n<div style=\"height:100px\" aria-hidden=\"true\" class=\"wp-block-spacer\"><\/div>\n<\/div><\/div>\n\n\n\n<div class=\"wp-block-columns is-layout-flex wp-container-core-columns-is-layout-9d6595d7 wp-block-columns-is-layout-flex\">\n<div class=\"wp-block-column is-layout-flow wp-block-column-is-layout-flow\"><div class=\"wp-block-image\">\n<figure class=\"aligncenter size-large\"><img loading=\"lazy\" decoding=\"async\" width=\"1200\" height=\"800\" src=\"https:\/\/invoqoven.com\/wp-content\/uploads\/sites\/2\/2025\/03\/HOUNO_INVOQ_MOMENT_OKT_2022_35.jpg\" alt=\"\" class=\"wp-image-1237\" srcset=\"https:\/\/invoqoven.com\/wp-content\/uploads\/sites\/2\/2025\/03\/HOUNO_INVOQ_MOMENT_OKT_2022_35.jpg 1200w, https:\/\/invoqoven.com\/wp-content\/uploads\/sites\/2\/2025\/03\/HOUNO_INVOQ_MOMENT_OKT_2022_35-300x200.jpg 300w, https:\/\/invoqoven.com\/wp-content\/uploads\/sites\/2\/2025\/03\/HOUNO_INVOQ_MOMENT_OKT_2022_35-1024x683.jpg 1024w\" sizes=\"auto, (max-width: 1200px) 100vw, 1200px\" \/><figcaption class=\"wp-element-caption\">Smartphone-sk\u00e6rmen er nem at navigere p\u00e5<\/figcaption><\/figure>\n<\/div><\/div>\n\n\n\n<div class=\"wp-block-column is-layout-flow wp-block-column-is-layout-flow\"><div class=\"wp-block-image\">\n<figure class=\"aligncenter size-large\"><img loading=\"lazy\" decoding=\"async\" width=\"1200\" height=\"800\" src=\"https:\/\/invoqoven.com\/wp-content\/uploads\/sites\/2\/2025\/03\/HOUNO_INVOQ_MOMENT_OKT_2022_38.jpg\" alt=\"\" class=\"wp-image-1261\" srcset=\"https:\/\/invoqoven.com\/wp-content\/uploads\/sites\/2\/2025\/03\/HOUNO_INVOQ_MOMENT_OKT_2022_38.jpg 1200w, https:\/\/invoqoven.com\/wp-content\/uploads\/sites\/2\/2025\/03\/HOUNO_INVOQ_MOMENT_OKT_2022_38-300x200.jpg 300w, https:\/\/invoqoven.com\/wp-content\/uploads\/sites\/2\/2025\/03\/HOUNO_INVOQ_MOMENT_OKT_2022_38-1024x683.jpg 1024w\" sizes=\"auto, (max-width: 1200px) 100vw, 1200px\" \/><figcaption class=\"wp-element-caption\">6 hovedreng\u00f8ringsprogrammer at v\u00e6lge imellem<\/figcaption><\/figure>\n<\/div><\/div>\n\n\n\n<div class=\"wp-block-column is-layout-flow wp-block-column-is-layout-flow\"><div class=\"wp-block-image\">\n<figure class=\"aligncenter size-large\"><img loading=\"lazy\" decoding=\"async\" width=\"1200\" height=\"800\" src=\"https:\/\/invoqoven.com\/wp-content\/uploads\/sites\/2\/2025\/03\/HOUNO_INVOQ_MOMENT_OKT_2022_40.jpg\" alt=\"\" class=\"wp-image-1277\" srcset=\"https:\/\/invoqoven.com\/wp-content\/uploads\/sites\/2\/2025\/03\/HOUNO_INVOQ_MOMENT_OKT_2022_40.jpg 1200w, https:\/\/invoqoven.com\/wp-content\/uploads\/sites\/2\/2025\/03\/HOUNO_INVOQ_MOMENT_OKT_2022_40-300x200.jpg 300w, https:\/\/invoqoven.com\/wp-content\/uploads\/sites\/2\/2025\/03\/HOUNO_INVOQ_MOMENT_OKT_2022_40-1024x683.jpg 1024w\" sizes=\"auto, (max-width: 1200px) 100vw, 1200px\" \/><figcaption class=\"wp-element-caption\">Turbo i 15 minutter &amp; Eco for at spare ressourcer<\/figcaption><\/figure>\n<\/div><\/div>\n<\/div>\n\n\n\n<div class=\"wp-block-group\"><div class=\"wp-block-group__inner-container is-layout-constrained wp-block-group-is-layout-constrained\">\n<div style=\"height:100px\" aria-hidden=\"true\" class=\"wp-block-spacer\"><\/div>\n\n\n<div class=\"wp-text-block page_container styled-text\"><div class=\"wp-text-block__inner\">\n<p class=\"has-text-align-center has-large-font-size\">Med CareCycle Medimum-vask<br>sparer du 70,7 % i omkostninger og<br>bruger 27 % mindre vand og 63 %<br>mindre tid.<\/p>\n<\/div><\/div>\n\n<div class=\"wp-text-block page_container styled-text\"><div class=\"wp-text-block__inner\">\n<p class=\"has-text-align-center has-large-font-size\"><\/p>\n<\/div><\/div>\n\n<div class=\"wp-text-block page_container styled-text\"><div class=\"wp-text-block__inner\">\n<p class=\"has-text-align-right has-small-font-size\"><em>*Alt forbrug er baseret p\u00e5 sammenligning med forg\u00e6ngermodellen.<\/em><\/p>\n<\/div><\/div>\n\n\n<div style=\"height:100px\" aria-hidden=\"true\" class=\"wp-block-spacer\"><\/div>\n<\/div><\/div>\n\n\n<section class=\"mtt-text-sections style background_element \">\n  <div class=\"mtt-text-sections__inner page_container \">\n          <p class=\"mtt-text-sections__tagline mtt-tagline\">Kr\u00e6vende tidsplan? Vil du planl\u00e6gge din reng\u00f8ring?<\/p>\n              <h2 class=\"mtt-text-sections__title\">V\u00e6lg en Turbo-vask p\u00e5 15 minutter<\/h2>\n        <div class=\"mtt-text-sections__wrap\">\n      <div class=\"mtt-text-sections__text-container\">Choose Turbo and get the job done in just 15 minutes. If your oven is in operation throughout the day, this cleaning setting will ensure the least possible interference and high efficiency in your schedule. Your oven will be promptly cleaned and ready for the next load.<\/div>\n      <div class=\"mtt-text-sections__text-container\">V\u00e6lg Turbo, og f\u00e5 arbejdet gjort p\u00e5 bare 15 minutter. Hvis din ovn er i drift hele dagen, sikrer denne reng\u00f8ringsindstilling dig mindst mulig forstyrrelse og h\u00f8j effektivitet i dit arbejde. Din ovn reng\u00f8res med det samme og er klar til n\u00e6ste p\u00e5fyldning<\/div>\n    <\/div>\n  <\/div>\n<\/section>\n\n\n<div class=\"wp-block-group\"><div class=\"wp-block-group__inner-container is-layout-constrained wp-block-group-is-layout-constrained\">\n<div style=\"height:100px\" aria-hidden=\"true\" class=\"wp-block-spacer\"><\/div>\n\n\n\n<div class=\"wp-block-columns is-layout-flex wp-container-core-columns-is-layout-9d6595d7 wp-block-columns-is-layout-flex\">\n<div class=\"wp-block-column is-vertically-aligned-center is-layout-flow wp-block-column-is-layout-flow\" style=\"flex-basis:45%\"><div class=\"wp-block-image is-style-rounded\">\n<figure class=\"aligncenter size-full\"><img loading=\"lazy\" decoding=\"async\" width=\"1001\" height=\"1500\" src=\"https:\/\/invoqoven.com\/wp-content\/uploads\/sites\/2\/2025\/03\/ocean.jpg\" alt=\"\" class=\"wp-image-2410\" style=\"aspect-ratio:1;object-fit:cover\" srcset=\"https:\/\/invoqoven.com\/wp-content\/uploads\/sites\/2\/2025\/03\/ocean.jpg 1001w, https:\/\/invoqoven.com\/wp-content\/uploads\/sites\/2\/2025\/03\/ocean-200x300.jpg 200w, https:\/\/invoqoven.com\/wp-content\/uploads\/sites\/2\/2025\/03\/ocean-683x1024.jpg 683w\" sizes=\"auto, (max-width: 1001px) 100vw, 1001px\" \/><\/figure>\n<\/div><\/div>\n\n\n\n<div class=\"wp-block-column is-layout-flow wp-block-column-is-layout-flow\" style=\"flex-basis:5%\"><\/div>\n\n\n\n<div class=\"wp-block-column is-layout-flow wp-block-column-is-layout-flow\" style=\"flex-basis:50%\"><div class=\"wp-text-block page_container styled-text\"><div class=\"wp-text-block__inner\">\n<h2 class=\"wp-block-heading\" id=\"h-at-vaelge-det-gronne\">At v\u00e6lge det gr\u00f8nne<\/h2>\n<\/div><\/div>\n\n<div class=\"wp-text-block page_container styled-text\"><div class=\"wp-text-block__inner\">\n<p>Alle k\u00f8kkenmilj\u00f8er er forskellige. Forskellige arbejdsplaner, travle og mindre travle perioder, forskellige kapaciteter. Derfor er valget dit. Med begge tilstande kan du spare tid og penge afh\u00e6ngig af omst\u00e6ndighederne.<\/p>\n<\/div><\/div>\n\n<div class=\"wp-text-block page_container styled-text\"><div class=\"wp-text-block__inner\">\n<h2 class=\"wp-block-heading\" id=\"h-eller-hurtige-losning\">eller hurtige l\u00f8sning <\/h2>\n<\/div><\/div>\n\n<div class=\"wp-text-block page_container styled-text\"><div class=\"wp-text-block__inner\">\n<p>Hvis din ovn er i drift hele dagen, kan denne Turbo-indstilling i travle perioder hurtigt h\u00e5ndtere en vask midt p\u00e5 dagen og forbedre din effektivitet. Eco-indstilling er et mere tidskr\u00e6vende valg, der med fordel kan planl\u00e6gges til om natten for ikke at forstyrre dit arbejde. Derudover reducerer Eco-indstillingen vandforbruget gennem recirkulation og energiforbruget til opvarmning, da den bruger lavere temperaturer til at vaske og skylle.<\/p>\n<\/div><\/div>\n\n<div class=\"wp-text-block page_container styled-text\"><div class=\"wp-text-block__inner\">\n<p><br><br><\/p>\n<\/div><\/div><\/div>\n<\/div>\n\n\n\n<div style=\"height:80px\" aria-hidden=\"true\" class=\"wp-block-spacer\"><\/div>\n<\/div><\/div>\n\n\n\n<div class=\"wp-block-group\"><div class=\"wp-block-group__inner-container is-layout-constrained wp-block-group-is-layout-constrained\"><div class=\"wp-text-block page_container styled-text\"><div class=\"wp-text-block__inner\">\n<h2 class=\"wp-block-heading\" id=\"h-fa-ro-i-sindet\">F\u00e5 ro i sindet<\/h2>\n<\/div><\/div>\n\n\n<div class=\"wp-block-columns is-layout-flex wp-container-core-columns-is-layout-9d6595d7 wp-block-columns-is-layout-flex\">\n<div class=\"wp-block-column is-layout-flow wp-block-column-is-layout-flow\" style=\"flex-basis:55%\"><div class=\"wp-text-block page_container styled-text\"><div class=\"wp-text-block__inner\">\n<p>Reng\u00f8ring er et n\u00f8dvendigt onde, og vi \u00f8nsker, at det skal v\u00e6re s\u00e5 nemt som muligt for dig.<br>Vi har udviklet en intelligent ovn, der hj\u00e6lper dig gennem processen med st\u00f8rre sikkerhed, fordi<br>ovnen ikke tillader, at du bruger den, hvis der er kemikalierester indeni.<\/p>\n<\/div><\/div><\/div>\n\n\n\n<div class=\"wp-block-column is-layout-flow wp-block-column-is-layout-flow\" style=\"flex-basis:5%\"><\/div>\n\n\n\n<div class=\"wp-block-column has-cyan-bluish-gray-background-color has-background is-layout-flow wp-block-column-is-layout-flow\" style=\"flex-basis:40%\">\n<div class=\"wp-block-group is-vertical is-content-justification-center is-layout-flex wp-container-core-group-is-layout-4b2eccd6 wp-block-group-is-layout-flex\"><div class=\"wp-text-block page_container styled-text\"><div class=\"wp-text-block__inner\">\n<ul class=\"wp-block-list\">\n<li>Ovnen hj\u00e6lper dig trin for trin, s\u00e5 du f\u00e5r et perfekt resultat.<\/li>\n\n\n\n<li>Anbefaling til brug af tabs, s\u00e5 du undg\u00e5r overforbrug.<\/li>\n\n\n\n<li>Afbrudt reng\u00f8ringscyklus s\u00e6tter automatisk gang i skylning<\/li>\n\n\n\n<li>Forbrugsoversigt via cloudl\u00f8sningen Open Kitchen.<\/li>\n<\/ul>\n<\/div><\/div><\/div>\n<\/div>\n<\/div>\n\n\n\n<div style=\"height:80px\" aria-hidden=\"true\" class=\"wp-block-spacer\"><\/div>\n<\/div><\/div>\n","protected":false},"excerpt":{"rendered":"<p>Det omkostningseffektive, fanebladsbaserede reng\u00f8ringssystem til Invoq-ovne, CareCycle, reducerer energi- og vandforbruget betydeligt.<\/p>\n","protected":false},"author":298,"featured_media":398,"comment_status":"closed","ping_status":"closed","sticky":false,"template":"\/templates\/page-templates\/full-width.php","format":"standard","meta":{"_acf_changed":false,"_relevanssi_hide_post":"","_relevanssi_hide_content":"","_relevanssi_pin_for_all":"","_relevanssi_pin_keywords":"","_relevanssi_unpin_keywords":"","_relevanssi_related_keywords":"","_relevanssi_related_include_ids":"","_relevanssi_related_exclude_ids":"","_relevanssi_related_no_append":"","_relevanssi_related_not_related":"","_relevanssi_related_posts":"","_relevanssi_noindex_reason":"","footnotes":""},"categories":[47],"tags":[78,79,80],"class_list":["post-3089","post","type-post","status-publish","format-standard","has-post-thumbnail","hentry","category-features","tag-invoq-bake-da","tag-invoq-combi-da","tag-invoq-hybrid-da"],"acf":[],"yoast_head":"<!-- This site is optimized with the Yoast SEO Premium plugin v27.5 (Yoast SEO v27.5) - https:\/\/yoast.com\/product\/yoast-seo-premium-wordpress\/ -->\n<title>CareCycle | det milj\u00f8venlige Invoq-ovnreng\u00f8ringssystem| Invoq<\/title>\n<meta name=\"description\" content=\"Det omkostningseffektive, fanebladsbaserede reng\u00f8ringssystem til Invoq-ovne, CareCycle, reducerer energi- og vandforbruget betydeligt.\" \/>\n<meta name=\"robots\" content=\"index, follow, max-snippet:-1, max-image-preview:large, max-video-preview:-1\" \/>\n<link rel=\"canonical\" href=\"https:\/\/invoqoven.com\/da\/features\/carecycle\/\" \/>\n<meta property=\"og:locale\" content=\"da_DK\" \/>\n<meta property=\"og:type\" content=\"article\" \/>\n<meta property=\"og:title\" content=\"CareCycle\" \/>\n<meta property=\"og:description\" content=\"Det omkostningseffektive, fanebladsbaserede reng\u00f8ringssystem til Invoq-ovne, CareCycle, reducerer energi- og vandforbruget betydeligt.\" \/>\n<meta property=\"og:url\" content=\"https:\/\/invoqoven.com\/da\/features\/carecycle\/\" \/>\n<meta property=\"og:site_name\" content=\"Invoq\" \/>\n<meta property=\"article:publisher\" content=\"https:\/\/www.facebook.com\/invoqoven\" \/>\n<meta property=\"article:published_time\" content=\"2025-03-04T22:33:34+00:00\" \/>\n<meta property=\"article:modified_time\" content=\"2025-03-12T09:39:12+00:00\" \/>\n<meta property=\"og:image\" content=\"https:\/\/invoqoven.com\/wp-content\/uploads\/sites\/2\/2025\/03\/HOUNO_AMBIENTE_013.jpg\" \/>\n\t<meta property=\"og:image:width\" content=\"1500\" \/>\n\t<meta property=\"og:image:height\" content=\"1000\" \/>\n\t<meta property=\"og:image:type\" content=\"image\/jpeg\" \/>\n<meta name=\"author\" content=\"Sharon Hu Bach\" \/>\n<meta name=\"twitter:card\" content=\"summary_large_image\" \/>\n<meta name=\"twitter:label1\" content=\"Skrevet af\" \/>\n\t<meta name=\"twitter:data1\" content=\"Sharon Hu Bach\" \/>\n\t<meta name=\"twitter:label2\" content=\"Estimeret l\u00e6setid\" \/>\n\t<meta name=\"twitter:data2\" content=\"5 minutter\" \/>\n<script type=\"application\/ld+json\" class=\"yoast-schema-graph\">{\"@context\":\"https:\\\/\\\/schema.org\",\"@graph\":[{\"@type\":\"Article\",\"@id\":\"https:\\\/\\\/invoqoven.com\\\/da\\\/features\\\/carecycle\\\/#article\",\"isPartOf\":{\"@id\":\"https:\\\/\\\/invoqoven.com\\\/da\\\/features\\\/carecycle\\\/\"},\"author\":{\"name\":\"Sharon Hu Bach\",\"@id\":\"https:\\\/\\\/invoqoven.com\\\/da\\\/#\\\/schema\\\/person\\\/2192b1ca33e3f8417cac92746006d68a\"},\"headline\":\"CareCycle\",\"datePublished\":\"2025-03-04T22:33:34+00:00\",\"dateModified\":\"2025-03-12T09:39:12+00:00\",\"mainEntityOfPage\":{\"@id\":\"https:\\\/\\\/invoqoven.com\\\/da\\\/features\\\/carecycle\\\/\"},\"wordCount\":600,\"publisher\":{\"@id\":\"https:\\\/\\\/invoqoven.com\\\/da\\\/#organization\"},\"image\":{\"@id\":\"https:\\\/\\\/invoqoven.com\\\/da\\\/features\\\/carecycle\\\/#primaryimage\"},\"thumbnailUrl\":\"https:\\\/\\\/invoqoven.com\\\/wp-content\\\/uploads\\\/sites\\\/2\\\/2025\\\/03\\\/HOUNO_AMBIENTE_013.jpg\",\"keywords\":[\"Invoq Bake\",\"Invoq Combi\",\"Invoq Hybrid\"],\"articleSection\":[\"Features\"],\"inLanguage\":\"da-DK\"},{\"@type\":\"WebPage\",\"@id\":\"https:\\\/\\\/invoqoven.com\\\/da\\\/features\\\/carecycle\\\/\",\"url\":\"https:\\\/\\\/invoqoven.com\\\/da\\\/features\\\/carecycle\\\/\",\"name\":\"CareCycle | det milj\u00f8venlige Invoq-ovnreng\u00f8ringssystem| Invoq\",\"isPartOf\":{\"@id\":\"https:\\\/\\\/invoqoven.com\\\/da\\\/#website\"},\"primaryImageOfPage\":{\"@id\":\"https:\\\/\\\/invoqoven.com\\\/da\\\/features\\\/carecycle\\\/#primaryimage\"},\"image\":{\"@id\":\"https:\\\/\\\/invoqoven.com\\\/da\\\/features\\\/carecycle\\\/#primaryimage\"},\"thumbnailUrl\":\"https:\\\/\\\/invoqoven.com\\\/wp-content\\\/uploads\\\/sites\\\/2\\\/2025\\\/03\\\/HOUNO_AMBIENTE_013.jpg\",\"datePublished\":\"2025-03-04T22:33:34+00:00\",\"dateModified\":\"2025-03-12T09:39:12+00:00\",\"description\":\"Det omkostningseffektive, fanebladsbaserede reng\u00f8ringssystem til Invoq-ovne, CareCycle, reducerer energi- og vandforbruget betydeligt.\",\"breadcrumb\":{\"@id\":\"https:\\\/\\\/invoqoven.com\\\/da\\\/features\\\/carecycle\\\/#breadcrumb\"},\"inLanguage\":\"da-DK\",\"potentialAction\":[{\"@type\":\"ReadAction\",\"target\":[\"https:\\\/\\\/invoqoven.com\\\/da\\\/features\\\/carecycle\\\/\"]}]},{\"@type\":\"ImageObject\",\"inLanguage\":\"da-DK\",\"@id\":\"https:\\\/\\\/invoqoven.com\\\/da\\\/features\\\/carecycle\\\/#primaryimage\",\"url\":\"https:\\\/\\\/invoqoven.com\\\/wp-content\\\/uploads\\\/sites\\\/2\\\/2025\\\/03\\\/HOUNO_AMBIENTE_013.jpg\",\"contentUrl\":\"https:\\\/\\\/invoqoven.com\\\/wp-content\\\/uploads\\\/sites\\\/2\\\/2025\\\/03\\\/HOUNO_AMBIENTE_013.jpg\",\"width\":1500,\"height\":1000},{\"@type\":\"BreadcrumbList\",\"@id\":\"https:\\\/\\\/invoqoven.com\\\/da\\\/features\\\/carecycle\\\/#breadcrumb\",\"itemListElement\":[{\"@type\":\"ListItem\",\"position\":1,\"name\":\"Home\",\"item\":\"https:\\\/\\\/invoqoven.com\\\/da\\\/invoq-ovn\\\/\"},{\"@type\":\"ListItem\",\"position\":2,\"name\":\"CareCycle\"}]},{\"@type\":\"WebSite\",\"@id\":\"https:\\\/\\\/invoqoven.com\\\/da\\\/#website\",\"url\":\"https:\\\/\\\/invoqoven.com\\\/da\\\/\",\"name\":\"Invoq oven\",\"description\":\"Making Service Simple, Smart and Efficient\",\"publisher\":{\"@id\":\"https:\\\/\\\/invoqoven.com\\\/da\\\/#organization\"},\"potentialAction\":[{\"@type\":\"SearchAction\",\"target\":{\"@type\":\"EntryPoint\",\"urlTemplate\":\"https:\\\/\\\/invoqoven.com\\\/da\\\/?s={search_term_string}\"},\"query-input\":{\"@type\":\"PropertyValueSpecification\",\"valueRequired\":true,\"valueName\":\"search_term_string\"}}],\"inLanguage\":\"da-DK\"},{\"@type\":\"Organization\",\"@id\":\"https:\\\/\\\/invoqoven.com\\\/da\\\/#organization\",\"name\":\"Invoq oven\",\"url\":\"https:\\\/\\\/invoqoven.com\\\/da\\\/\",\"logo\":{\"@type\":\"ImageObject\",\"inLanguage\":\"da-DK\",\"@id\":\"https:\\\/\\\/invoqoven.com\\\/da\\\/#\\\/schema\\\/logo\\\/image\\\/\",\"url\":\"https:\\\/\\\/invoqoven.com\\\/wp-content\\\/uploads\\\/sites\\\/2\\\/2025\\\/06\\\/Invoq_Q_black.png\",\"contentUrl\":\"https:\\\/\\\/invoqoven.com\\\/wp-content\\\/uploads\\\/sites\\\/2\\\/2025\\\/06\\\/Invoq_Q_black.png\",\"width\":736,\"height\":735,\"caption\":\"Invoq oven\"},\"image\":{\"@id\":\"https:\\\/\\\/invoqoven.com\\\/da\\\/#\\\/schema\\\/logo\\\/image\\\/\"},\"sameAs\":[\"https:\\\/\\\/www.facebook.com\\\/invoqoven\",\"https:\\\/\\\/www.linkedin.com\\\/company\\\/invoq\\\/\",\"https:\\\/\\\/www.instagram.com\\\/invoq_oven\\\/\",\"https:\\\/\\\/www.youtube.com\\\/@invoqoven\"]},{\"@type\":\"Person\",\"@id\":\"https:\\\/\\\/invoqoven.com\\\/da\\\/#\\\/schema\\\/person\\\/2192b1ca33e3f8417cac92746006d68a\",\"name\":\"Sharon Hu Bach\",\"image\":{\"@type\":\"ImageObject\",\"inLanguage\":\"da-DK\",\"@id\":\"https:\\\/\\\/secure.gravatar.com\\\/avatar\\\/d5be493f215e092836776526b6ec31c3aa442ee3df69bf3914a088dd28b5e53e?s=96&d=mm&r=g\",\"url\":\"https:\\\/\\\/secure.gravatar.com\\\/avatar\\\/d5be493f215e092836776526b6ec31c3aa442ee3df69bf3914a088dd28b5e53e?s=96&d=mm&r=g\",\"contentUrl\":\"https:\\\/\\\/secure.gravatar.com\\\/avatar\\\/d5be493f215e092836776526b6ec31c3aa442ee3df69bf3914a088dd28b5e53e?s=96&d=mm&r=g\",\"caption\":\"Sharon Hu Bach\"},\"url\":\"https:\\\/\\\/invoqoven.com\\\/da\\\/author\\\/shbhouno-com\\\/\"}]}<\/script>\n<!-- \/ Yoast SEO Premium plugin. -->","yoast_head_json":{"title":"CareCycle | det milj\u00f8venlige Invoq-ovnreng\u00f8ringssystem| Invoq","description":"Det omkostningseffektive, fanebladsbaserede reng\u00f8ringssystem til Invoq-ovne, CareCycle, reducerer energi- og vandforbruget betydeligt.","robots":{"index":"index","follow":"follow","max-snippet":"max-snippet:-1","max-image-preview":"max-image-preview:large","max-video-preview":"max-video-preview:-1"},"canonical":"https:\/\/invoqoven.com\/da\/features\/carecycle\/","og_locale":"da_DK","og_type":"article","og_title":"CareCycle","og_description":"Det omkostningseffektive, fanebladsbaserede reng\u00f8ringssystem til Invoq-ovne, CareCycle, reducerer energi- og vandforbruget betydeligt.","og_url":"https:\/\/invoqoven.com\/da\/features\/carecycle\/","og_site_name":"Invoq","article_publisher":"https:\/\/www.facebook.com\/invoqoven","article_published_time":"2025-03-04T22:33:34+00:00","article_modified_time":"2025-03-12T09:39:12+00:00","og_image":[{"width":1500,"height":1000,"url":"https:\/\/invoqoven.com\/wp-content\/uploads\/sites\/2\/2025\/03\/HOUNO_AMBIENTE_013.jpg","type":"image\/jpeg"}],"author":"Sharon Hu Bach","twitter_card":"summary_large_image","twitter_misc":{"Skrevet af":"Sharon Hu Bach","Estimeret l\u00e6setid":"5 minutter"},"schema":{"@context":"https:\/\/schema.org","@graph":[{"@type":"Article","@id":"https:\/\/invoqoven.com\/da\/features\/carecycle\/#article","isPartOf":{"@id":"https:\/\/invoqoven.com\/da\/features\/carecycle\/"},"author":{"name":"Sharon Hu Bach","@id":"https:\/\/invoqoven.com\/da\/#\/schema\/person\/2192b1ca33e3f8417cac92746006d68a"},"headline":"CareCycle","datePublished":"2025-03-04T22:33:34+00:00","dateModified":"2025-03-12T09:39:12+00:00","mainEntityOfPage":{"@id":"https:\/\/invoqoven.com\/da\/features\/carecycle\/"},"wordCount":600,"publisher":{"@id":"https:\/\/invoqoven.com\/da\/#organization"},"image":{"@id":"https:\/\/invoqoven.com\/da\/features\/carecycle\/#primaryimage"},"thumbnailUrl":"https:\/\/invoqoven.com\/wp-content\/uploads\/sites\/2\/2025\/03\/HOUNO_AMBIENTE_013.jpg","keywords":["Invoq Bake","Invoq Combi","Invoq Hybrid"],"articleSection":["Features"],"inLanguage":"da-DK"},{"@type":"WebPage","@id":"https:\/\/invoqoven.com\/da\/features\/carecycle\/","url":"https:\/\/invoqoven.com\/da\/features\/carecycle\/","name":"CareCycle | det milj\u00f8venlige Invoq-ovnreng\u00f8ringssystem| Invoq","isPartOf":{"@id":"https:\/\/invoqoven.com\/da\/#website"},"primaryImageOfPage":{"@id":"https:\/\/invoqoven.com\/da\/features\/carecycle\/#primaryimage"},"image":{"@id":"https:\/\/invoqoven.com\/da\/features\/carecycle\/#primaryimage"},"thumbnailUrl":"https:\/\/invoqoven.com\/wp-content\/uploads\/sites\/2\/2025\/03\/HOUNO_AMBIENTE_013.jpg","datePublished":"2025-03-04T22:33:34+00:00","dateModified":"2025-03-12T09:39:12+00:00","description":"Det omkostningseffektive, fanebladsbaserede reng\u00f8ringssystem til Invoq-ovne, CareCycle, reducerer energi- og vandforbruget betydeligt.","breadcrumb":{"@id":"https:\/\/invoqoven.com\/da\/features\/carecycle\/#breadcrumb"},"inLanguage":"da-DK","potentialAction":[{"@type":"ReadAction","target":["https:\/\/invoqoven.com\/da\/features\/carecycle\/"]}]},{"@type":"ImageObject","inLanguage":"da-DK","@id":"https:\/\/invoqoven.com\/da\/features\/carecycle\/#primaryimage","url":"https:\/\/invoqoven.com\/wp-content\/uploads\/sites\/2\/2025\/03\/HOUNO_AMBIENTE_013.jpg","contentUrl":"https:\/\/invoqoven.com\/wp-content\/uploads\/sites\/2\/2025\/03\/HOUNO_AMBIENTE_013.jpg","width":1500,"height":1000},{"@type":"BreadcrumbList","@id":"https:\/\/invoqoven.com\/da\/features\/carecycle\/#breadcrumb","itemListElement":[{"@type":"ListItem","position":1,"name":"Home","item":"https:\/\/invoqoven.com\/da\/invoq-ovn\/"},{"@type":"ListItem","position":2,"name":"CareCycle"}]},{"@type":"WebSite","@id":"https:\/\/invoqoven.com\/da\/#website","url":"https:\/\/invoqoven.com\/da\/","name":"Invoq oven","description":"Making Service Simple, Smart and Efficient","publisher":{"@id":"https:\/\/invoqoven.com\/da\/#organization"},"potentialAction":[{"@type":"SearchAction","target":{"@type":"EntryPoint","urlTemplate":"https:\/\/invoqoven.com\/da\/?s={search_term_string}"},"query-input":{"@type":"PropertyValueSpecification","valueRequired":true,"valueName":"search_term_string"}}],"inLanguage":"da-DK"},{"@type":"Organization","@id":"https:\/\/invoqoven.com\/da\/#organization","name":"Invoq oven","url":"https:\/\/invoqoven.com\/da\/","logo":{"@type":"ImageObject","inLanguage":"da-DK","@id":"https:\/\/invoqoven.com\/da\/#\/schema\/logo\/image\/","url":"https:\/\/invoqoven.com\/wp-content\/uploads\/sites\/2\/2025\/06\/Invoq_Q_black.png","contentUrl":"https:\/\/invoqoven.com\/wp-content\/uploads\/sites\/2\/2025\/06\/Invoq_Q_black.png","width":736,"height":735,"caption":"Invoq oven"},"image":{"@id":"https:\/\/invoqoven.com\/da\/#\/schema\/logo\/image\/"},"sameAs":["https:\/\/www.facebook.com\/invoqoven","https:\/\/www.linkedin.com\/company\/invoq\/","https:\/\/www.instagram.com\/invoq_oven\/","https:\/\/www.youtube.com\/@invoqoven"]},{"@type":"Person","@id":"https:\/\/invoqoven.com\/da\/#\/schema\/person\/2192b1ca33e3f8417cac92746006d68a","name":"Sharon Hu Bach","image":{"@type":"ImageObject","inLanguage":"da-DK","@id":"https:\/\/secure.gravatar.com\/avatar\/d5be493f215e092836776526b6ec31c3aa442ee3df69bf3914a088dd28b5e53e?s=96&d=mm&r=g","url":"https:\/\/secure.gravatar.com\/avatar\/d5be493f215e092836776526b6ec31c3aa442ee3df69bf3914a088dd28b5e53e?s=96&d=mm&r=g","contentUrl":"https:\/\/secure.gravatar.com\/avatar\/d5be493f215e092836776526b6ec31c3aa442ee3df69bf3914a088dd28b5e53e?s=96&d=mm&r=g","caption":"Sharon Hu Bach"},"url":"https:\/\/invoqoven.com\/da\/author\/shbhouno-com\/"}]}},"_links":{"self":[{"href":"https:\/\/invoqoven.com\/da\/wp-json\/wp\/v2\/posts\/3089","targetHints":{"allow":["GET"]}}],"collection":[{"href":"https:\/\/invoqoven.com\/da\/wp-json\/wp\/v2\/posts"}],"about":[{"href":"https:\/\/invoqoven.com\/da\/wp-json\/wp\/v2\/types\/post"}],"author":[{"embeddable":true,"href":"https:\/\/invoqoven.com\/da\/wp-json\/wp\/v2\/users\/298"}],"replies":[{"embeddable":true,"href":"https:\/\/invoqoven.com\/da\/wp-json\/wp\/v2\/comments?post=3089"}],"version-history":[{"count":3,"href":"https:\/\/invoqoven.com\/da\/wp-json\/wp\/v2\/posts\/3089\/revisions"}],"predecessor-version":[{"id":4677,"href":"https:\/\/invoqoven.com\/da\/wp-json\/wp\/v2\/posts\/3089\/revisions\/4677"}],"wp:featuredmedia":[{"embeddable":true,"href":"https:\/\/invoqoven.com\/da\/wp-json\/wp\/v2\/media\/398"}],"wp:attachment":[{"href":"https:\/\/invoqoven.com\/da\/wp-json\/wp\/v2\/media?parent=3089"}],"wp:term":[{"taxonomy":"category","embeddable":true,"href":"https:\/\/invoqoven.com\/da\/wp-json\/wp\/v2\/categories?post=3089"},{"taxonomy":"post_tag","embeddable":true,"href":"https:\/\/invoqoven.com\/da\/wp-json\/wp\/v2\/tags?post=3089"}],"curies":[{"name":"wp","href":"https:\/\/api.w.org\/{rel}","templated":true}]}}